{"id":1,"date":"2024-07-30T09:46:16","date_gmt":"2024-07-30T12:46:16","guid":{"rendered":"https:\/\/avpa.cl\/new\/?p=1"},"modified":"2024-08-01T17:50:30","modified_gmt":"2024-08-01T20:50:30","slug":"final_apertura_2024","status":"publish","type":"post","link":"https:\/\/avpa.cl\/new\/2024\/07\/30\/final_apertura_2024\/","title":{"rendered":"Finales y Premiaci\u00f3n Apertura LIREVOL 2024"},"content":{"rendered":"\n<p class=\"has-medium-font-size\"><strong>Una competencia atractiva<\/strong><\/p>\n\n\n\n<p>La Liga Regional de Voleibol (LIREVOL) de Magallanes, en su Campeonato de Apertura 2024, fue organizado por la Asociaci\u00f3n de Voleibol de Punta Arenas (AVPA) en conjunto con la Asociaci\u00f3n Regional de Voleibol de Magallanes (ARVOMA) y con el patrocinio de la Federaci\u00f3n de Voleibol de Chile (FEVOCHI) y del Instituto Nacional de Deportes (IND).<\/p>\n\n\n\n<p>Con fecha s\u00e1bado 13 y domingo 14 de julio, despu\u00e9s de un largo recorrido, intensos partidos , jornadas extenuantes y a su provechosas, se dio t\u00e9rmino al campeonato de apertura, donde se premi\u00f3 a los primeros tres lugares en cada categor\u00eda, y se celebr\u00f3 de forma espacial a los campeones y a los deportistas destacados.<\/p>\n\n\n\n<p>El campeonato de apertura estuvo protagonizado por 14 clubes, en 5 categor\u00edas (U13, U15, U17, U19 y TC), femenino y masculino, con 30 equipos en mayores, 43 equipos en menores, y m\u00e1s de 1500 deportistas. Semana a semana, con un total de 16 fechas, desde marzo a julio, los ni\u00f1os, j\u00f3venes y adultos, se dieron cita para brindar un hermoso espect\u00e1culo. Las instancias finales, y gran parte de las fechas, fueron festejadas en el gimnasio Fiscal de Punta Arenas, y en el Polideportivo 18 de Septiembre, ambos recintos administrados por IND, a quienes agradecemos la excelente disposici\u00f3n para colaborar con el desarrollo del deporte regional.<\/p>\n\n\n\n<figure class=\"wp-block-image size-full\"><img loading=\"lazy\" decoding=\"async\" width=\"1024\" height=\"683\" src=\"https:\/\/avpa.cl\/new\/wp-content\/uploads\/2024\/07\/Premiacion-2-1-1024x683-1.jpg\" alt=\"\" class=\"wp-image-66\" srcset=\"https:\/\/avpa.cl\/new\/wp-content\/uploads\/2024\/07\/Premiacion-2-1-1024x683-1.jpg 1024w, https:\/\/avpa.cl\/new\/wp-content\/uploads\/2024\/07\/Premiacion-2-1-1024x683-1-300x200.jpg 300w, https:\/\/avpa.cl\/new\/wp-content\/uploads\/2024\/07\/Premiacion-2-1-1024x683-1-768x512.jpg 768w, https:\/\/avpa.cl\/new\/wp-content\/uploads\/2024\/07\/Premiacion-2-1-1024x683-1-930x620.jpg 930w\" sizes=\"auto, (max-width: 1024px) 100vw, 1024px\" \/><\/figure>\n\n\n\n<p>Con un importante marco de p\u00fablico, el gimnasio Fiscal de Punta Arenas, se visti\u00f3 de gala para celebrar a los clubes que hicieron&nbsp;<em>podium&nbsp;<\/em>en el campeonato de apertura LIREVOL 2024<\/p>\n\n\n\n<hr class=\"wp-block-separator has-text-color has-nv-light-bg-color has-alpha-channel-opacity has-nv-light-bg-background-color has-background\"\/>\n\n\n\n<p>Previo a la premiaci\u00f3n de las distintas categor\u00edas, se dio un reconocimiento especial a los actores relevantes para el desarrollo del voleibol regional en el \u00faltimo periodo, 2018- 2024. Recibieron un simb\u00f3lico agradecimiento de parte de la Asociaci\u00f3n de Voleibol de Punta Arenas, el gobernador de Magallanes Sr. Jorge Flies A\u00f1\u00f3n, el SEREMI Deportes Sr. Alejandro Olate Levet, el Director de IND Sr. H\u00e9ctor Serka Kusanovic, y los profesores Roberthino Hodge Olea, por su vasta trayectoria, y Bladimiro L\u00f3pez Mu\u00f1oz, por la constante promoci\u00f3n del voleibol en series menores.<\/p>\n\n\n\n<figure class=\"wp-block-image size-full\"><img loading=\"lazy\" decoding=\"async\" width=\"1024\" height=\"692\" src=\"https:\/\/avpa.cl\/new\/wp-content\/uploads\/2024\/07\/Autoridades-1-1024x692-1.jpg\" alt=\"\" class=\"wp-image-86\" srcset=\"https:\/\/avpa.cl\/new\/wp-content\/uploads\/2024\/07\/Autoridades-1-1024x692-1.jpg 1024w, https:\/\/avpa.cl\/new\/wp-content\/uploads\/2024\/07\/Autoridades-1-1024x692-1-300x203.jpg 300w, https:\/\/avpa.cl\/new\/wp-content\/uploads\/2024\/07\/Autoridades-1-1024x692-1-768x519.jpg 768w\" sizes=\"auto, (max-width: 1024px) 100vw, 1024px\" \/><\/figure>\n\n\n\n<p>regionales deportistas m\u00e1s destacados durante el desarrollo del campeonato. Los deportistas destacados fueron: Nashla Cabrera de CD Taiiu, Antonella Guti\u00e9rrez de CD Cavh, Camilo Linares de CD Scout, Mateo Ponce de CD Selknam, Amalia Garc\u00eda de CD Alem\u00e1n, Vedran Gezan de CD Selknam, Emily Gallardo de CD Selknam, Juan Pablo Guti\u00e9rrez de CD Selknam, Valeria Gallardo de CD Cavh, Rebeca Fern\u00e1ndez de CD Brit\u00e1nico y Daniel Miranda de CD Cavh.<\/p>\n\n\n\n<figure class=\"wp-block-image size-full\"><img loading=\"lazy\" decoding=\"async\" width=\"1024\" height=\"683\" src=\"https:\/\/avpa.cl\/new\/wp-content\/uploads\/2024\/07\/Premiacion-1-1-1024x683-1.jpg\" alt=\"\" class=\"wp-image-87\" srcset=\"https:\/\/avpa.cl\/new\/wp-content\/uploads\/2024\/07\/Premiacion-1-1-1024x683-1.jpg 1024w, https:\/\/avpa.cl\/new\/wp-content\/uploads\/2024\/07\/Premiacion-1-1-1024x683-1-300x200.jpg 300w, https:\/\/avpa.cl\/new\/wp-content\/uploads\/2024\/07\/Premiacion-1-1-1024x683-1-768x512.jpg 768w, https:\/\/avpa.cl\/new\/wp-content\/uploads\/2024\/07\/Premiacion-1-1-1024x683-1-930x620.jpg 930w\" sizes=\"auto, (max-width: 1024px) 100vw, 1024px\" \/><\/figure>\n\n\n\n<p class=\"has-text-align-center has-medium-font-size\"><strong>Liga Regional de Mayores (LIREMA)<\/strong><\/p>\n\n\n\n<p>De esta forma, en la Liga Regional de Mayores (LIREMA) en la categor\u00eda todo competidor (TC) masculino, el&nbsp;<strong>Campe\u00f3n fue CD Cavh<\/strong>, vice campe\u00f3n CD Selknam, y el 3\u00b0 lugar fue para CD Scout. En el caso de TC femenino A, el&nbsp;<strong>Campe\u00f3n fue CD Brit\u00e1nico<\/strong>, vicecampe\u00f3n CD Sokol y en 3\u00b0 lugar CD Esencias. En TC femenino B,&nbsp;<strong>CD Cavh<\/strong>&nbsp;logr\u00f3 el 1\u00b0 lugar y ascenso autom\u00e1tico a la serie A, en 2\u00b0 lugar qued\u00f3 CD Selknam, y en 3\u00b0 lugar fue para CD Sav. CD Selknam ascendi\u00f3 a la serie A, despu\u00e9s de vencer a CD Scout por 2 set a 1 en el partido de repechaje.<\/p>\n\n\n\n<hr class=\"wp-block-separator has-text-color has-nv-light-bg-color has-alpha-channel-opacity has-nv-light-bg-background-color has-background is-style-default\"\/>\n\n\n\n<p class=\"has-text-align-center has-medium-font-size\"><strong>Categor\u00eda TC Masculino<\/strong><\/p>\n\n\n\n<div class=\"wp-block-columns is-layout-flex wp-container-core-columns-is-layout-9d6595d7 wp-block-columns-is-layout-flex\">\n<div class=\"wp-block-column is-layout-flow wp-block-column-is-layout-flow\">\n<figure class=\"wp-block-image size-full is-resized\"><img loading=\"lazy\" decoding=\"async\" width=\"1024\" height=\"683\" src=\"https:\/\/avpa.cl\/new\/wp-content\/uploads\/2024\/07\/2\u00b0-Lugar-Masculino-TC-CD-Selknam-1024x683-1.jpeg\" alt=\"\" class=\"wp-image-88\" style=\"width:405px;height:auto\" srcset=\"https:\/\/avpa.cl\/new\/wp-content\/uploads\/2024\/07\/2\u00b0-Lugar-Masculino-TC-CD-Selknam-1024x683-1.jpeg 1024w, https:\/\/avpa.cl\/new\/wp-content\/uploads\/2024\/07\/2\u00b0-Lugar-Masculino-TC-CD-Selknam-1024x683-1-300x200.jpeg 300w, https:\/\/avpa.cl\/new\/wp-content\/uploads\/2024\/07\/2\u00b0-Lugar-Masculino-TC-CD-Selknam-1024x683-1-768x512.jpeg 768w, https:\/\/avpa.cl\/new\/wp-content\/uploads\/2024\/07\/2\u00b0-Lugar-Masculino-TC-CD-Selknam-1024x683-1-930x620.jpeg 930w\" sizes=\"auto, (max-width: 1024px) 100vw, 1024px\" \/><\/figure>\n<\/div>\n\n\n\n<div class=\"wp-block-column is-layout-flow wp-block-column-is-layout-flow\"><div class=\"wp-block-image\">\n<figure class=\"aligncenter size-full is-resized\"><img loading=\"lazy\" decoding=\"async\" width=\"1024\" height=\"768\" src=\"https:\/\/avpa.cl\/new\/wp-content\/uploads\/2024\/07\/3\u00b0-Lugar-Masculino-TC-CD-Scout-1-1024x768-1.jpeg\" alt=\"\" class=\"wp-image-89\" style=\"width:363px;height:auto\" srcset=\"https:\/\/avpa.cl\/new\/wp-content\/uploads\/2024\/07\/3\u00b0-Lugar-Masculino-TC-CD-Scout-1-1024x768-1.jpeg 1024w, https:\/\/avpa.cl\/new\/wp-content\/uploads\/2024\/07\/3\u00b0-Lugar-Masculino-TC-CD-Scout-1-1024x768-1-300x225.jpeg 300w, https:\/\/avpa.cl\/new\/wp-content\/uploads\/2024\/07\/3\u00b0-Lugar-Masculino-TC-CD-Scout-1-1024x768-1-768x576.jpeg 768w\" sizes=\"auto, (max-width: 1024px) 100vw, 1024px\" \/><\/figure>\n<\/div><\/div>\n<\/div>\n\n\n\n<figure class=\"wp-block-image size-full\"><img loading=\"lazy\" decoding=\"async\" width=\"1024\" height=\"620\" src=\"https:\/\/avpa.cl\/new\/wp-content\/uploads\/2024\/07\/1\u00b0-Lugar-Masculino-TC-CD-Cavh-1-1024x620-1.jpeg\" alt=\"\" class=\"wp-image-90\" srcset=\"https:\/\/avpa.cl\/new\/wp-content\/uploads\/2024\/07\/1\u00b0-Lugar-Masculino-TC-CD-Cavh-1-1024x620-1.jpeg 1024w, https:\/\/avpa.cl\/new\/wp-content\/uploads\/2024\/07\/1\u00b0-Lugar-Masculino-TC-CD-Cavh-1-1024x620-1-300x182.jpeg 300w, https:\/\/avpa.cl\/new\/wp-content\/uploads\/2024\/07\/1\u00b0-Lugar-Masculino-TC-CD-Cavh-1-1024x620-1-768x465.jpeg 768w\" sizes=\"auto, (max-width: 1024px) 100vw, 1024px\" \/><\/figure>\n\n\n\n<hr class=\"wp-block-separator has-text-color has-nv-light-bg-color has-alpha-channel-opacity has-nv-light-bg-background-color has-background\"\/>\n\n\n\n<p class=\"has-text-align-center has-medium-font-size\"><strong>Categor\u00eda TC Femenino<\/strong><\/p>\n\n\n\n<div class=\"wp-block-columns is-layout-flex wp-container-core-columns-is-layout-9d6595d7 wp-block-columns-is-layout-flex\">\n<div class=\"wp-block-column is-layout-flow wp-block-column-is-layout-flow\">\n<figure class=\"wp-block-image size-full is-resized\"><img loading=\"lazy\" decoding=\"async\" width=\"1015\" height=\"856\" src=\"https:\/\/avpa.cl\/new\/wp-content\/uploads\/2024\/07\/1\u00b0-Lugar-Femenino-TC-A-CD-Britanico-1.jpeg\" alt=\"\" class=\"wp-image-91\" style=\"width:360px;height:auto\" srcset=\"https:\/\/avpa.cl\/new\/wp-content\/uploads\/2024\/07\/1\u00b0-Lugar-Femenino-TC-A-CD-Britanico-1.jpeg 1015w, https:\/\/avpa.cl\/new\/wp-content\/uploads\/2024\/07\/1\u00b0-Lugar-Femenino-TC-A-CD-Britanico-1-300x253.jpeg 300w, https:\/\/avpa.cl\/new\/wp-content\/uploads\/2024\/07\/1\u00b0-Lugar-Femenino-TC-A-CD-Britanico-1-768x648.jpeg 768w\" sizes=\"auto, (max-width: 1015px) 100vw, 1015px\" \/><\/figure>\n<\/div>\n\n\n\n<div class=\"wp-block-column is-layout-flow wp-block-column-is-layout-flow\"><div class=\"wp-block-image\">\n<figure class=\"aligncenter size-full\"><img loading=\"lazy\" decoding=\"async\" width=\"960\" height=\"730\" src=\"https:\/\/avpa.cl\/new\/wp-content\/uploads\/2024\/07\/3\u00b0-Lugar-Femenino-TC-A-CD-Esencias-c-1.jpeg\" alt=\"\" class=\"wp-image-92\" srcset=\"https:\/\/avpa.cl\/new\/wp-content\/uploads\/2024\/07\/3\u00b0-Lugar-Femenino-TC-A-CD-Esencias-c-1.jpeg 960w, https:\/\/avpa.cl\/new\/wp-content\/uploads\/2024\/07\/3\u00b0-Lugar-Femenino-TC-A-CD-Esencias-c-1-300x228.jpeg 300w, https:\/\/avpa.cl\/new\/wp-content\/uploads\/2024\/07\/3\u00b0-Lugar-Femenino-TC-A-CD-Esencias-c-1-768x584.jpeg 768w\" sizes=\"auto, (max-width: 960px) 100vw, 960px\" \/><\/figure>\n<\/div><\/div>\n<\/div>\n\n\n\n<hr class=\"wp-block-separator has-text-color has-nv-light-bg-color has-alpha-channel-opacity has-nv-light-bg-background-color has-background\"\/>\n\n\n\n<p>Por otro lado, la la categor\u00eda U19 femenino el 1\u00b0 lugar fue para CD Alem\u00e1n, seguido de CD Taii\u00fa y CD Selknam, 2\u00b0 y 3\u00b0 lugar respectivamente. En la misma categor\u00eda, pero ahora masculino, el 1\u00b0 lugar fue para CD Taii\u00fa, 2\u00b0 para CD Selknam y 3\u00b0 para CD Alem\u00e1n. Recordemos que esta categor\u00eda en promoci\u00f3n result\u00f3 ser muy exitosa, dando una importante oportunidad a aquellos j\u00f3venes en cierta transici\u00f3n t\u00e9cnica. La siguiente tabla resume el orden final de la competencia en la categor\u00eda TC.<\/p>\n\n\n\n<hr class=\"wp-block-separator has-text-color has-nv-light-bg-color has-alpha-channel-opacity has-nv-light-bg-background-color has-background\"\/>\n\n\n\n<figure class=\"wp-block-image size-full\"><img loading=\"lazy\" decoding=\"async\" width=\"1024\" height=\"333\" src=\"https:\/\/avpa.cl\/new\/wp-content\/uploads\/2024\/07\/Posiciones-TC-1024x333-1.jpg\" alt=\"\" class=\"wp-image-95\" srcset=\"https:\/\/avpa.cl\/new\/wp-content\/uploads\/2024\/07\/Posiciones-TC-1024x333-1.jpg 1024w, https:\/\/avpa.cl\/new\/wp-content\/uploads\/2024\/07\/Posiciones-TC-1024x333-1-300x98.jpg 300w, https:\/\/avpa.cl\/new\/wp-content\/uploads\/2024\/07\/Posiciones-TC-1024x333-1-768x250.jpg 768w\" sizes=\"auto, (max-width: 1024px) 100vw, 1024px\" \/><\/figure>\n\n\n\n<hr class=\"wp-block-separator has-text-color has-nv-light-bg-color has-alpha-channel-opacity has-nv-light-bg-background-color has-background\"\/>\n\n\n\n<p class=\"has-text-align-center has-medium-font-size\"><strong>Categor\u00eda U19 Femenino<\/strong><\/p>\n\n\n\n<div class=\"wp-block-columns is-layout-flex wp-container-core-columns-is-layout-9d6595d7 wp-block-columns-is-layout-flex\">\n<div class=\"wp-block-column is-layout-flow wp-block-column-is-layout-flow\">\n<figure class=\"wp-block-image size-full\"><img loading=\"lazy\" decoding=\"async\" width=\"1024\" height=\"576\" src=\"https:\/\/avpa.cl\/new\/wp-content\/uploads\/2024\/07\/2\u00b0-Lugar-Femenino-U19-CD-Taiiu-1-1024x576-1.jpeg\" alt=\"\" class=\"wp-image-96\" srcset=\"https:\/\/avpa.cl\/new\/wp-content\/uploads\/2024\/07\/2\u00b0-Lugar-Femenino-U19-CD-Taiiu-1-1024x576-1.jpeg 1024w, https:\/\/avpa.cl\/new\/wp-content\/uploads\/2024\/07\/2\u00b0-Lugar-Femenino-U19-CD-Taiiu-1-1024x576-1-300x169.jpeg 300w, https:\/\/avpa.cl\/new\/wp-content\/uploads\/2024\/07\/2\u00b0-Lugar-Femenino-U19-CD-Taiiu-1-1024x576-1-768x432.jpeg 768w\" sizes=\"auto, (max-width: 1024px) 100vw, 1024px\" \/><\/figure>\n<\/div>\n\n\n\n<div class=\"wp-block-column is-layout-flow wp-block-column-is-layout-flow\"><div class=\"wp-block-image\">\n<figure class=\"aligncenter size-full is-resized\"><img loading=\"lazy\" decoding=\"async\" width=\"1024\" height=\"1024\" src=\"https:\/\/avpa.cl\/new\/wp-content\/uploads\/2024\/07\/3\u00b0-Lugar-Femenino-U19-CD-Selknam-1-1024x1024-1.jpeg\" alt=\"\" class=\"wp-image-97\" style=\"width:228px;height:auto\" srcset=\"https:\/\/avpa.cl\/new\/wp-content\/uploads\/2024\/07\/3\u00b0-Lugar-Femenino-U19-CD-Selknam-1-1024x1024-1.jpeg 1024w, https:\/\/avpa.cl\/new\/wp-content\/uploads\/2024\/07\/3\u00b0-Lugar-Femenino-U19-CD-Selknam-1-1024x1024-1-300x300.jpeg 300w, https:\/\/avpa.cl\/new\/wp-content\/uploads\/2024\/07\/3\u00b0-Lugar-Femenino-U19-CD-Selknam-1-1024x1024-1-150x150.jpeg 150w, https:\/\/avpa.cl\/new\/wp-content\/uploads\/2024\/07\/3\u00b0-Lugar-Femenino-U19-CD-Selknam-1-1024x1024-1-768x768.jpeg 768w\" sizes=\"auto, (max-width: 1024px) 100vw, 1024px\" \/><\/figure>\n<\/div><\/div>\n<\/div>\n\n\n\n<figure class=\"wp-block-image size-full\"><img loading=\"lazy\" decoding=\"async\" width=\"1024\" height=\"768\" src=\"https:\/\/avpa.cl\/new\/wp-content\/uploads\/2024\/07\/1\u00b0-Lugar-Femenino-U19-CD-Aleman-1-1024x768-1.jpeg\" alt=\"\" class=\"wp-image-98\" srcset=\"https:\/\/avpa.cl\/new\/wp-content\/uploads\/2024\/07\/1\u00b0-Lugar-Femenino-U19-CD-Aleman-1-1024x768-1.jpeg 1024w, https:\/\/avpa.cl\/new\/wp-content\/uploads\/2024\/07\/1\u00b0-Lugar-Femenino-U19-CD-Aleman-1-1024x768-1-300x225.jpeg 300w, https:\/\/avpa.cl\/new\/wp-content\/uploads\/2024\/07\/1\u00b0-Lugar-Femenino-U19-CD-Aleman-1-1024x768-1-768x576.jpeg 768w\" sizes=\"auto, (max-width: 1024px) 100vw, 1024px\" \/><\/figure>\n\n\n\n<div class=\"wp-block-columns is-layout-flex wp-container-core-columns-is-layout-9d6595d7 wp-block-columns-is-layout-flex\">\n<div class=\"wp-block-column is-layout-flow wp-block-column-is-layout-flow\" style=\"flex-basis:66.66%\"><\/div>\n\n\n\n<div class=\"wp-block-column is-layout-flow wp-block-column-is-layout-flow\" style=\"flex-basis:33.33%\"><style type=\"text\/css\">\r\n       .errordiv { padding:10px; margin:10px; border: 1px solid #555555;color: #000000;background-color: #f8f8f8; width:500px; }#advanced_iframe {visibility:visible;opacity:1;vertical-align:top;}.ai-info-bottom-iframe { position: fixed; z-index: 10000; bottom:0; left: 0; margin: 0px; text-align: center; width: 100%; background-color: #ff9999; padding-left: 5px;padding-bottom: 5px; border-top: 1px solid #aaa } a.ai-bold {font-weight: bold;}#ai-layer-div-advanced_iframe p {height:100%;margin:0;padding:0}<\/style><script type=\"text\/javascript\">var ai_iframe_width_advanced_iframe = 0;var ai_iframe_height_advanced_iframe = 0;function aiReceiveMessageadvanced_iframe(event) {  aiProcessMessage(event,\"advanced_iframe\", \"true\");}if (window.addEventListener) {  window.addEventListener(\"message\", aiReceiveMessageadvanced_iframe);} else if (el.attachEvent)  {  el.attachEvent(\"message\", aiReceiveMessageadvanced_iframe);}var aiIsIe8=false;var aiOnloadScrollTop=\"true\";var aiShowDebug=false;\r\n\t\tif (typeof aiReadyCallbacks === 'undefined') {\r\n\t\t\tvar aiReadyCallbacks = [];  \r\n\t\t} else if (!(aiReadyCallbacks instanceof Array)) {\r\n\t\t\tvar aiReadyCallbacks = [];\r\n\t\t}    function aiShowIframeId(id_iframe) { jQuery(\"#\"+id_iframe).css(\"visibility\", \"visible\");    }    function aiResizeIframeHeight(height) { aiResizeIframeHeight(height,advanced_iframe); }    function aiResizeIframeHeightId(height,width,id) {aiResizeIframeHeightById(id,height);}<\/script><iframe id=\"advanced_iframe\"  name=\"advanced_iframe\"  src=\"https:\/\/avpa.cl\/new\/sidebar\/\"  width=\"100%\"  height=\"100vh\"  scrolling=\"no\"  frameborder=\"0\"  allowtransparency=\"true\"  loading=\"lazy\"  style=\";width:100%;height:100vh;\"  onload='aiResizeIframe(this, &quot;false&quot;,&quot;1&quot;)' ><\/iframe><script type=\"text\/javascript\">var ifrm_advanced_iframe = document.getElementById(\"advanced_iframe\");var hiddenTabsDoneadvanced_iframe = false;\r\nfunction resizeCallbackadvanced_iframe() {}<\/script><script type=\"text\/javascript\"><\/script>\n<\/div>\n<\/div>\n","protected":false},"excerpt":{"rendered":"<p>Una competencia atractiva La Liga Regional de Voleibol (LIREVOL) de Magallanes, en su Campeonato de Apertura 2024, fue organizado por la Asociaci\u00f3n de Voleibol de Punta Arenas (AVPA) en conjunto con la Asociaci\u00f3n Regional de Voleibol de Magallanes (ARVOMA) y con el patrocinio de la Federaci\u00f3n de Voleibol de Chile (FEVOCHI) y del Instituto Nacional&hellip;&nbsp;<a href=\"https:\/\/avpa.cl\/new\/2024\/07\/30\/final_apertura_2024\/\" class=\"\" rel=\"bookmark\">Read More &raquo;<span class=\"screen-reader-text\">Finales y Premiaci\u00f3n Apertura LIREVOL 2024<\/span><\/a><\/p>\n","protected":false},"author":1,"featured_media":66,"comment_status":"closed","ping_status":"closed","sticky":false,"template":"","format":"standard","meta":{"neve_meta_sidebar":"","neve_meta_container":"","neve_meta_enable_content_width":"","neve_meta_content_width":0,"neve_meta_title_alignment":"","neve_meta_author_avatar":"","neve_post_elements_order":"","neve_meta_disable_header":"","neve_meta_disable_footer":"","neve_meta_disable_title":"","footnotes":""},"categories":[8],"tags":[],"class_list":["post-1","post","type-post","status-publish","format-standard","has-post-thumbnail","hentry","category-noticias"],"_links":{"self":[{"href":"https:\/\/avpa.cl\/new\/wp-json\/wp\/v2\/posts\/1","targetHints":{"allow":["GET"]}}],"collection":[{"href":"https:\/\/avpa.cl\/new\/wp-json\/wp\/v2\/posts"}],"about":[{"href":"https:\/\/avpa.cl\/new\/wp-json\/wp\/v2\/types\/post"}],"author":[{"embeddable":true,"href":"https:\/\/avpa.cl\/new\/wp-json\/wp\/v2\/users\/1"}],"replies":[{"embeddable":true,"href":"https:\/\/avpa.cl\/new\/wp-json\/wp\/v2\/comments?post=1"}],"version-history":[{"count":8,"href":"https:\/\/avpa.cl\/new\/wp-json\/wp\/v2\/posts\/1\/revisions"}],"predecessor-version":[{"id":479,"href":"https:\/\/avpa.cl\/new\/wp-json\/wp\/v2\/posts\/1\/revisions\/479"}],"wp:featuredmedia":[{"embeddable":true,"href":"https:\/\/avpa.cl\/new\/wp-json\/wp\/v2\/media\/66"}],"wp:attachment":[{"href":"https:\/\/avpa.cl\/new\/wp-json\/wp\/v2\/media?parent=1"}],"wp:term":[{"taxonomy":"category","embeddable":true,"href":"https:\/\/avpa.cl\/new\/wp-json\/wp\/v2\/categories?post=1"},{"taxonomy":"post_tag","embeddable":true,"href":"https:\/\/avpa.cl\/new\/wp-json\/wp\/v2\/tags?post=1"}],"curies":[{"name":"wp","href":"https:\/\/api.w.org\/{rel}","templated":true}]}}